{"id":1336,"date":"2016-02-12T12:55:01","date_gmt":"2016-02-12T12:55:01","guid":{"rendered":"http:\/\/gradocau.umh.es\/?p=1336"},"modified":"2016-03-03T17:36:29","modified_gmt":"2016-03-03T17:36:29","slug":"ii-edicion-de-la-muestra-internacional-de-cine-educativo-de-alicante","status":"publish","type":"post","link":"https:\/\/gradocau.umh.es\/ca\/2016\/02\/12\/ii-edicion-de-la-muestra-internacional-de-cine-educativo-de-alicante\/","title":{"rendered":"II Edici\u00f3n de la Muestra Internacional de Cine Educativo de Alicante"},"content":{"rendered":"<p>Festival de car\u00e1cter educativo para la inclusi\u00f3n del audiovisual dentro de las aulas como m\u00e9todo pedag\u00f3gico y\/o aportando valores. Proyecciones, talleres, charlas y formaci\u00f3n al profesorado. Educaci\u00f3n y audiovisual juntos.<\/p>\n<p><a href=\"http:\/\/gradocau.umh.es\/files\/2016\/01\/unnamed.jpg\"><img loading=\"lazy\" class=\"alignnone  wp-image-1168\" src=\"http:\/\/gradocau.umh.es\/files\/2016\/01\/unnamed.jpg\" alt=\"MICE Alacant 2016\" width=\"335\" height=\"478\" srcset=\"https:\/\/gradocau.umh.es\/files\/2016\/01\/unnamed.jpg 638w, https:\/\/gradocau.umh.es\/files\/2016\/01\/unnamed-210x300.jpg 210w\" sizes=\"(max-width: 335px) 100vw, 335px\" \/><\/a><\/p>\n<p>Programa completo en:\u00a0<a href=\"http:\/\/mediterraniaaudiovisual.com\/programa-mice-2016\/\" target=\"_blank\">http:\/\/mediterraniaaudiovisual.com\/programa-mice-2016\/<\/a><\/p>\n<p>Descargable\u00a0<a href=\"http:\/\/gradocau.umh.es\/files\/2016\/02\/mice-2016-programa.pdf\" target=\"_blank\">mice 2016 programa<\/a><\/p>\n<p>&nbsp;<\/p>\n","protected":false},"excerpt":{"rendered":"<p>Festival de car\u00e1cter educativo para la inclusi\u00f3n del audiovisual dentro de las aulas como m\u00e9todo pedag\u00f3gico y\/o aportando valores. Proyecciones, talleres, charlas y formaci\u00f3n al profesorado. Educaci\u00f3n y audiovisual juntos. Programa completo en:\u00a0http:\/\/mediterraniaaudiovisual.com\/programa-mice-2016\/ Descargable\u00a0mice 2016 programa &nbsp;<\/p>\n","protected":false},"author":790,"featured_media":0,"comment_status":"closed","ping_status":"open","sticky":false,"template":"","format":"standard","meta":{"_links_to":"","_links_to_target":""},"categories":[22],"tags":[90,198179,97],"_links":{"self":[{"href":"https:\/\/gradocau.umh.es\/ca\/wp-json\/wp\/v2\/posts\/1336"}],"collection":[{"href":"https:\/\/gradocau.umh.es\/ca\/wp-json\/wp\/v2\/posts"}],"about":[{"href":"https:\/\/gradocau.umh.es\/ca\/wp-json\/wp\/v2\/types\/post"}],"author":[{"embeddable":true,"href":"https:\/\/gradocau.umh.es\/ca\/wp-json\/wp\/v2\/users\/790"}],"replies":[{"embeddable":true,"href":"https:\/\/gradocau.umh.es\/ca\/wp-json\/wp\/v2\/comments?post=1336"}],"version-history":[{"count":0,"href":"https:\/\/gradocau.umh.es\/ca\/wp-json\/wp\/v2\/posts\/1336\/revisions"}],"wp:attachment":[{"href":"https:\/\/gradocau.umh.es\/ca\/wp-json\/wp\/v2\/media?parent=1336"}],"wp:term":[{"taxonomy":"category","embeddable":true,"href":"https:\/\/gradocau.umh.es\/ca\/wp-json\/wp\/v2\/categories?post=1336"},{"taxonomy":"post_tag","embeddable":true,"href":"https:\/\/gradocau.umh.es\/ca\/wp-json\/wp\/v2\/tags?post=1336"}],"curies":[{"name":"wp","href":"https:\/\/api.w.org\/{rel}","templated":true}]}}