{"id":11473,"date":"2026-04-23T14:04:58","date_gmt":"2026-04-23T14:04:58","guid":{"rendered":"https:\/\/gradocau.umh.es\/?p=11473"},"modified":"2026-04-23T14:08:10","modified_gmt":"2026-04-23T14:08:10","slug":"practiques-en-a-punt-media-cacvsa-a-la-redaccio-dalacant-convocatoria-2026","status":"publish","type":"post","link":"https:\/\/gradocau.umh.es\/ca\/2026\/04\/23\/practiques-en-a-punt-media-cacvsa-a-la-redaccio-dalacant-convocatoria-2026\/","title":{"rendered":"<span lang=\"es\">(Espa\u00f1ol) Pr\u00e0ctiques en \u00c0 Punt M\u00e8dia (CACVSA) a la redacci\u00f3 d\u2019Alacant: convocat\u00f2ria 2026<\/span>"},"content":{"rendered":"<p class=\"qtranxs-available-languages-message qtranxs-available-languages-message-ca\">Ho sentim, aquesta entrada es troba disponible \u00fanicament en <a href=\"https:\/\/gradocau.umh.es\/es\/wp-json\/wp\/v2\/posts\/11473\" class=\"qtranxs-available-language-link qtranxs-available-language-link-es\" title=\"Espa\u00f1ol\">Espanyol Europeu<\/a>.<\/p>","protected":false},"excerpt":{"rendered":"<p>Ho sentim, aquesta entrada es troba disponible \u00fanicament en Espanyol Europeu.<\/p>\n","protected":false},"author":2745,"featured_media":11476,"comment_status":"closed","ping_status":"open","sticky":false,"template":"","format":"standard","meta":{"_links_to":"","_links_to_target":""},"categories":[1362669,2,242,146,1362733],"tags":[1530190],"_links":{"self":[{"href":"https:\/\/gradocau.umh.es\/ca\/wp-json\/wp\/v2\/posts\/11473"}],"collection":[{"href":"https:\/\/gradocau.umh.es\/ca\/wp-json\/wp\/v2\/posts"}],"about":[{"href":"https:\/\/gradocau.umh.es\/ca\/wp-json\/wp\/v2\/types\/post"}],"author":[{"embeddable":true,"href":"https:\/\/gradocau.umh.es\/ca\/wp-json\/wp\/v2\/users\/2745"}],"replies":[{"embeddable":true,"href":"https:\/\/gradocau.umh.es\/ca\/wp-json\/wp\/v2\/comments?post=11473"}],"version-history":[{"count":0,"href":"https:\/\/gradocau.umh.es\/ca\/wp-json\/wp\/v2\/posts\/11473\/revisions"}],"wp:featuredmedia":[{"embeddable":true,"href":"https:\/\/gradocau.umh.es\/ca\/wp-json\/wp\/v2\/media\/11476"}],"wp:attachment":[{"href":"https:\/\/gradocau.umh.es\/ca\/wp-json\/wp\/v2\/media?parent=11473"}],"wp:term":[{"taxonomy":"category","embeddable":true,"href":"https:\/\/gradocau.umh.es\/ca\/wp-json\/wp\/v2\/categories?post=11473"},{"taxonomy":"post_tag","embeddable":true,"href":"https:\/\/gradocau.umh.es\/ca\/wp-json\/wp\/v2\/tags?post=11473"}],"curies":[{"name":"wp","href":"https:\/\/api.w.org\/{rel}","templated":true}]}}